{"id":316,"date":"2021-05-06T17:14:44","date_gmt":"2021-05-06T15:14:44","guid":{"rendered":"https:\/\/guerilla-asso.com\/fest\/?p=316"},"modified":"2021-05-06T17:14:46","modified_gmt":"2021-05-06T15:14:46","slug":"annulation-de-this-is-my-fest-8","status":"publish","type":"post","link":"https:\/\/guerilla-asso.com\/fest\/2021\/05\/06\/annulation-de-this-is-my-fest-8\/","title":{"rendered":"Annulation de THIS IS MY FEST 8"},"content":{"rendered":"\n<p>Vous vous en doutiez, le contexte nous oblige \u00e0 annuler pour la deuxi\u00e8me ann\u00e9e cons\u00e9cutive THIS IS MY FEST, qui devait se tenir les 29-30-31 mai 2021. Pour \u00e9viter de reporter une fois de plus les billets sur la prochaine \u00e9dition, nous avons d\u00e9cid\u00e9 de rembourser l&#8217;int\u00e9gralit\u00e9 des pr\u00e9ventes. Vous avez d\u00e9j\u00e0 d\u00fb recevoir le remboursement.<\/p>\n\n\n\n<p>L&#8217;annulation du festival entra\u00eene des frais pour l&#8217;association. Pour limiter la casse et parce qu&#8217;on adorait l&#8217;illustration r\u00e9alis\u00e9e par <a href=\"https:\/\/www.facebook.com\/profile.php?id=821785500&amp;__cft__[0]=AZWBCKutgYFKdciRX9WssAuBC3Ld3diSxGdKpSuxt-qesGmnRHD0eZxwwYe6rguPABs31IPG83Vq5z2zpw_YHXj8urfkkwZBszhE8-8x7wVdMMPivjRDgmmjxe_bmROJ-0nwDjpXBLfvc1GUqdKFfHPIPSXDuxpA6nEMUnJLWAa6ocGFKoNJWJcll1cNmnpggf4&amp;__tn__=-]K-R\" target=\"_blank\" rel=\"noreferrer noopener\">Edith Boucher<\/a>, nous avons d\u00e9cid\u00e9 de sortir un t-shirt aux couleurs de ce THIS IS MY FEST 8 qui n&#8217;aura, finalement, jamais eu lieu. Si vous en avez les moyens et si vous souhaitez nous soutenir, vous pouvez <a href=\"https:\/\/www.guerilla-asso.com\/products\/698041-this-is-my-fest-8-tshirt\" rel=\"noreferrer noopener\" target=\"_blank\">pr\u00e9commander votre t-shirt \u00e0 cette adresse<\/a>.<\/p>\n\n\n\n<p>Nous aurons \u00e9galement une petite surprise \u00e0 vous d\u00e9voiler dans quelques semaines&#8230; Alors restez dans le coin <img loading=\"lazy\" height=\"16\" width=\"16\" alt=\"\ud83d\ude42\" src=\"https:\/\/static.xx.fbcdn.net\/images\/emoji.php\/v9\/teb\/2\/16\/1f642.png\">. Prenez soin de vous ! \u00c0 plus dans le Gibus !<\/p>\n","protected":false},"excerpt":{"rendered":"<p>Vous vous en doutiez, le contexte nous oblige \u00e0 annuler pour la deuxi\u00e8me ann\u00e9e cons\u00e9cutive THIS IS MY FEST, qui devait se tenir les 29-30-31 mai 2021. Pour \u00e9viter de reporter une fois de plus les billets sur la prochaine \u00e9dition, nous avons d\u00e9cid\u00e9 de rembourser l&#8217;int\u00e9gralit\u00e9 des pr\u00e9ventes. Vous [&hellip;]<\/p>\n","protected":false},"author":1,"featured_media":317,"comment_status":"closed","ping_status":"open","sticky":false,"template":"","format":"standard","meta":[],"categories":[1],"tags":[],"yoast_head":"<!-- This site is optimized with the Yoast SEO plugin v16.2 - https:\/\/yoast.com\/wordpress\/plugins\/seo\/ -->\n<title>Annulation de THIS IS MY FEST 8 - THIS IS MY FEST 8<\/title>\n<meta name=\"robots\" content=\"index, follow, max-snippet:-1, max-image-preview:large, max-video-preview:-1\" \/>\n<link rel=\"canonical\" href=\"https:\/\/guerilla-asso.com\/fest\/2021\/05\/06\/annulation-de-this-is-my-fest-8\/\" \/>\n<meta property=\"og:locale\" content=\"fr_FR\" \/>\n<meta property=\"og:type\" content=\"article\" \/>\n<meta property=\"og:title\" content=\"Annulation de THIS IS MY FEST 8 - THIS IS MY FEST 8\" \/>\n<meta property=\"og:description\" content=\"Vous vous en doutiez, le contexte nous oblige \u00e0 annuler pour la deuxi\u00e8me ann\u00e9e cons\u00e9cutive THIS IS MY FEST, qui devait se tenir les 29-30-31 mai 2021. Pour \u00e9viter de reporter une fois de plus les billets sur la prochaine \u00e9dition, nous avons d\u00e9cid\u00e9 de rembourser l&#8217;int\u00e9gralit\u00e9 des pr\u00e9ventes. Vous [&hellip;]\" \/>\n<meta property=\"og:url\" content=\"https:\/\/guerilla-asso.com\/fest\/2021\/05\/06\/annulation-de-this-is-my-fest-8\/\" \/>\n<meta property=\"og:site_name\" content=\"THIS IS MY FEST 8\" \/>\n<meta property=\"article:published_time\" content=\"2021-05-06T15:14:44+00:00\" \/>\n<meta property=\"article:modified_time\" content=\"2021-05-06T15:14:46+00:00\" \/>\n<meta property=\"og:image\" content=\"https:\/\/guerilla-asso.com\/fest\/wp-content\/uploads\/2021\/05\/tshirt-1024x1024.png\" \/>\n\t<meta property=\"og:image:width\" content=\"1024\" \/>\n\t<meta property=\"og:image:height\" content=\"1024\" \/>\n<meta name=\"twitter:card\" content=\"summary_large_image\" \/>\n<meta name=\"twitter:label1\" content=\"Dur\u00e9e de lecture est.\">\n\t<meta name=\"twitter:data1\" content=\"1 minute\">\n<script type=\"application\/ld+json\" class=\"yoast-schema-graph\">{\"@context\":\"https:\/\/schema.org\",\"@graph\":[{\"@type\":\"WebSite\",\"@id\":\"https:\/\/guerilla-asso.com\/fest\/#website\",\"url\":\"https:\/\/guerilla-asso.com\/fest\/\",\"name\":\"THIS IS MY FEST 8\",\"description\":\"Festival punk &amp; hardcore les 29, 30 et 31 mai 2020 au Gibus, Paris\",\"potentialAction\":[{\"@type\":\"SearchAction\",\"target\":\"https:\/\/guerilla-asso.com\/fest\/?s={search_term_string}\",\"query-input\":\"required name=search_term_string\"}],\"inLanguage\":\"fr-FR\"},{\"@type\":\"ImageObject\",\"@id\":\"https:\/\/guerilla-asso.com\/fest\/2021\/05\/06\/annulation-de-this-is-my-fest-8\/#primaryimage\",\"inLanguage\":\"fr-FR\",\"url\":\"https:\/\/guerilla-asso.com\/fest\/wp-content\/uploads\/2021\/05\/tshirt.png\",\"contentUrl\":\"https:\/\/guerilla-asso.com\/fest\/wp-content\/uploads\/2021\/05\/tshirt.png\",\"width\":2400,\"height\":2400,\"caption\":\"T-shirt de soutien\"},{\"@type\":\"WebPage\",\"@id\":\"https:\/\/guerilla-asso.com\/fest\/2021\/05\/06\/annulation-de-this-is-my-fest-8\/#webpage\",\"url\":\"https:\/\/guerilla-asso.com\/fest\/2021\/05\/06\/annulation-de-this-is-my-fest-8\/\",\"name\":\"Annulation de THIS IS MY FEST 8 - THIS IS MY FEST 8\",\"isPartOf\":{\"@id\":\"https:\/\/guerilla-asso.com\/fest\/#website\"},\"primaryImageOfPage\":{\"@id\":\"https:\/\/guerilla-asso.com\/fest\/2021\/05\/06\/annulation-de-this-is-my-fest-8\/#primaryimage\"},\"datePublished\":\"2021-05-06T15:14:44+00:00\",\"dateModified\":\"2021-05-06T15:14:46+00:00\",\"author\":{\"@id\":\"https:\/\/guerilla-asso.com\/fest\/#\/schema\/person\/8c15d4a6de9ecbcfd119c3e9708efeef\"},\"breadcrumb\":{\"@id\":\"https:\/\/guerilla-asso.com\/fest\/2021\/05\/06\/annulation-de-this-is-my-fest-8\/#breadcrumb\"},\"inLanguage\":\"fr-FR\",\"potentialAction\":[{\"@type\":\"ReadAction\",\"target\":[\"https:\/\/guerilla-asso.com\/fest\/2021\/05\/06\/annulation-de-this-is-my-fest-8\/\"]}]},{\"@type\":\"BreadcrumbList\",\"@id\":\"https:\/\/guerilla-asso.com\/fest\/2021\/05\/06\/annulation-de-this-is-my-fest-8\/#breadcrumb\",\"itemListElement\":[{\"@type\":\"ListItem\",\"position\":1,\"item\":{\"@type\":\"WebPage\",\"@id\":\"https:\/\/guerilla-asso.com\/fest\/\",\"url\":\"https:\/\/guerilla-asso.com\/fest\/\",\"name\":\"Accueil\"}},{\"@type\":\"ListItem\",\"position\":2,\"item\":{\"@id\":\"https:\/\/guerilla-asso.com\/fest\/2021\/05\/06\/annulation-de-this-is-my-fest-8\/#webpage\"}}]},{\"@type\":\"Person\",\"@id\":\"https:\/\/guerilla-asso.com\/fest\/#\/schema\/person\/8c15d4a6de9ecbcfd119c3e9708efeef\",\"name\":\"THIS IS MY FEST\",\"image\":{\"@type\":\"ImageObject\",\"@id\":\"https:\/\/guerilla-asso.com\/fest\/#personlogo\",\"inLanguage\":\"fr-FR\",\"url\":\"https:\/\/secure.gravatar.com\/avatar\/0651e29abbddeaf0ec2204ccb17ce446?s=96&d=mm&r=g\",\"contentUrl\":\"https:\/\/secure.gravatar.com\/avatar\/0651e29abbddeaf0ec2204ccb17ce446?s=96&d=mm&r=g\",\"caption\":\"THIS IS MY FEST\"}}]}<\/script>\n<!-- \/ Yoast SEO plugin. -->","_links":{"self":[{"href":"https:\/\/guerilla-asso.com\/fest\/wp-json\/wp\/v2\/posts\/316"}],"collection":[{"href":"https:\/\/guerilla-asso.com\/fest\/wp-json\/wp\/v2\/posts"}],"about":[{"href":"https:\/\/guerilla-asso.com\/fest\/wp-json\/wp\/v2\/types\/post"}],"author":[{"embeddable":true,"href":"https:\/\/guerilla-asso.com\/fest\/wp-json\/wp\/v2\/users\/1"}],"replies":[{"embeddable":true,"href":"https:\/\/guerilla-asso.com\/fest\/wp-json\/wp\/v2\/comments?post=316"}],"version-history":[{"count":2,"href":"https:\/\/guerilla-asso.com\/fest\/wp-json\/wp\/v2\/posts\/316\/revisions"}],"predecessor-version":[{"id":319,"href":"https:\/\/guerilla-asso.com\/fest\/wp-json\/wp\/v2\/posts\/316\/revisions\/319"}],"wp:featuredmedia":[{"embeddable":true,"href":"https:\/\/guerilla-asso.com\/fest\/wp-json\/wp\/v2\/media\/317"}],"wp:attachment":[{"href":"https:\/\/guerilla-asso.com\/fest\/wp-json\/wp\/v2\/media?parent=316"}],"wp:term":[{"taxonomy":"category","embeddable":true,"href":"https:\/\/guerilla-asso.com\/fest\/wp-json\/wp\/v2\/categories?post=316"},{"taxonomy":"post_tag","embeddable":true,"href":"https:\/\/guerilla-asso.com\/fest\/wp-json\/wp\/v2\/tags?post=316"}],"curies":[{"name":"wp","href":"https:\/\/api.w.org\/{rel}","templated":true}]}}