{"id":118,"date":"2019-11-21T11:51:27","date_gmt":"2019-11-21T10:51:27","guid":{"rendered":"http:\/\/guerilla-asso.com\/fest\/?p=118"},"modified":"2020-01-21T19:03:59","modified_gmt":"2020-01-21T18:03:59","slug":"this-is-my-fest-revient-pour-une-8e-edition","status":"publish","type":"post","link":"https:\/\/guerilla-asso.com\/fest\/2019\/11\/21\/this-is-my-fest-revient-pour-une-8e-edition\/","title":{"rendered":"THIS IS MY FEST revient pour une 8e \u00e9dition !"},"content":{"rendered":"\n<p>THIS IS MY FEST revient pour une 8e \u00e9dition les 29, 30 et 31 mai 2020 ! Nous sommes heureux de vous d\u00e9voiler l&#8217;affiche sign\u00e9e <a href=\"http:\/\/www.edithboucher.com\" target=\"_blank\" rel=\"noreferrer noopener\" aria-label=\"Edith Boucher (s\u2019ouvre dans un nouvel onglet)\">Edith Boucher<\/a> ainsi que les 10 premiers groupes : <strong>Poesie Zero, Black Sheep, Intenable, Heavy Heart, La Fraction, Mikey Erg, Pity Party, Dream Nails, Teenage Bubblegums, No Sugar<\/strong>.<\/p>\n\n\n\n<p>Nous mettons en vente 100 pass Early Bird \u00e0 un prix tr\u00e8s cool, disponibles dans la rubrique Tickets.<\/p>\n\n\n\n<div class=\"wp-block-image\"><figure class=\"aligncenter size-large\"><img loading=\"lazy\" width=\"689\" height=\"1024\" src=\"http:\/\/guerilla-asso.com\/fest\/wp-content\/uploads\/2020\/01\/TIMF8_BLANK_10BANDS-WEB-SMALL-689x1024.png\" alt=\"Affiche de THIS IS MY FEST 8 avec les 10 premiers groupes.\" class=\"wp-image-119\" srcset=\"https:\/\/guerilla-asso.com\/fest\/wp-content\/uploads\/2020\/01\/TIMF8_BLANK_10BANDS-WEB-SMALL-689x1024.png 689w, https:\/\/guerilla-asso.com\/fest\/wp-content\/uploads\/2020\/01\/TIMF8_BLANK_10BANDS-WEB-SMALL-202x300.png 202w, https:\/\/guerilla-asso.com\/fest\/wp-content\/uploads\/2020\/01\/TIMF8_BLANK_10BANDS-WEB-SMALL-768x1141.png 768w, https:\/\/guerilla-asso.com\/fest\/wp-content\/uploads\/2020\/01\/TIMF8_BLANK_10BANDS-WEB-SMALL-1034x1536.png 1034w, https:\/\/guerilla-asso.com\/fest\/wp-content\/uploads\/2020\/01\/TIMF8_BLANK_10BANDS-WEB-SMALL-1379x2048.png 1379w, https:\/\/guerilla-asso.com\/fest\/wp-content\/uploads\/2020\/01\/TIMF8_BLANK_10BANDS-WEB-SMALL.png 1600w\" sizes=\"(max-width: 689px) 100vw, 689px\" \/><\/figure><\/div>\n","protected":false},"excerpt":{"rendered":"<p>THIS IS MY FEST revient pour une 8e \u00e9dition les 29, 30 et 31 mai 2020 ! Nous sommes heureux de vous d\u00e9voiler l&#8217;affiche sign\u00e9e Edith Boucher ainsi que les 10 premiers groupes : Poesie Zero, Black Sheep, Intenable, Heavy Heart, La Fraction, Mikey Erg, Pity Party, Dream Nails, Teenage [&hellip;]<\/p>\n","protected":false},"author":1,"featured_media":81,"comment_status":"closed","ping_status":"closed","sticky":false,"template":"","format":"standard","meta":[],"categories":[4],"tags":[],"yoast_head":"<!-- This site is optimized with the Yoast SEO plugin v16.2 - https:\/\/yoast.com\/wordpress\/plugins\/seo\/ -->\n<title>THIS IS MY FEST revient pour une 8e \u00e9dition ! - THIS IS MY FEST 8<\/title>\n<meta name=\"robots\" content=\"index, follow, max-snippet:-1, max-image-preview:large, max-video-preview:-1\" \/>\n<link rel=\"canonical\" href=\"https:\/\/guerilla-asso.com\/fest\/2019\/11\/21\/this-is-my-fest-revient-pour-une-8e-edition\/\" \/>\n<meta property=\"og:locale\" content=\"fr_FR\" \/>\n<meta property=\"og:type\" content=\"article\" \/>\n<meta property=\"og:title\" content=\"THIS IS MY FEST revient pour une 8e \u00e9dition ! - THIS IS MY FEST 8\" \/>\n<meta property=\"og:description\" content=\"THIS IS MY FEST revient pour une 8e \u00e9dition les 29, 30 et 31 mai 2020 ! Nous sommes heureux de vous d\u00e9voiler l&#8217;affiche sign\u00e9e Edith Boucher ainsi que les 10 premiers groupes : Poesie Zero, Black Sheep, Intenable, Heavy Heart, La Fraction, Mikey Erg, Pity Party, Dream Nails, Teenage [&hellip;]\" \/>\n<meta property=\"og:url\" content=\"https:\/\/guerilla-asso.com\/fest\/2019\/11\/21\/this-is-my-fest-revient-pour-une-8e-edition\/\" \/>\n<meta property=\"og:site_name\" content=\"THIS IS MY FEST 8\" \/>\n<meta property=\"article:published_time\" content=\"2019-11-21T10:51:27+00:00\" \/>\n<meta property=\"article:modified_time\" content=\"2020-01-21T18:03:59+00:00\" \/>\n<meta property=\"og:image\" content=\"https:\/\/guerilla-asso.com\/fest\/wp-content\/uploads\/2020\/01\/poesie-zero.jpg\" \/>\n\t<meta property=\"og:image:width\" content=\"640\" \/>\n\t<meta property=\"og:image:height\" content=\"640\" \/>\n<meta name=\"twitter:card\" content=\"summary_large_image\" \/>\n<script type=\"application\/ld+json\" class=\"yoast-schema-graph\">{\"@context\":\"https:\/\/schema.org\",\"@graph\":[{\"@type\":\"WebSite\",\"@id\":\"https:\/\/guerilla-asso.com\/fest\/#website\",\"url\":\"https:\/\/guerilla-asso.com\/fest\/\",\"name\":\"THIS IS MY FEST 8\",\"description\":\"Festival punk &amp; hardcore les 29, 30 et 31 mai 2020 au Gibus, Paris\",\"potentialAction\":[{\"@type\":\"SearchAction\",\"target\":\"https:\/\/guerilla-asso.com\/fest\/?s={search_term_string}\",\"query-input\":\"required name=search_term_string\"}],\"inLanguage\":\"fr-FR\"},{\"@type\":\"ImageObject\",\"@id\":\"https:\/\/guerilla-asso.com\/fest\/2019\/11\/21\/this-is-my-fest-revient-pour-une-8e-edition\/#primaryimage\",\"inLanguage\":\"fr-FR\",\"url\":\"https:\/\/guerilla-asso.com\/fest\/wp-content\/uploads\/2020\/01\/poesie-zero.jpg\",\"contentUrl\":\"https:\/\/guerilla-asso.com\/fest\/wp-content\/uploads\/2020\/01\/poesie-zero.jpg\",\"width\":640,\"height\":640},{\"@type\":\"WebPage\",\"@id\":\"https:\/\/guerilla-asso.com\/fest\/2019\/11\/21\/this-is-my-fest-revient-pour-une-8e-edition\/#webpage\",\"url\":\"https:\/\/guerilla-asso.com\/fest\/2019\/11\/21\/this-is-my-fest-revient-pour-une-8e-edition\/\",\"name\":\"THIS IS MY FEST revient pour une 8e \\u00e9dition ! - THIS IS MY FEST 8\",\"isPartOf\":{\"@id\":\"https:\/\/guerilla-asso.com\/fest\/#website\"},\"primaryImageOfPage\":{\"@id\":\"https:\/\/guerilla-asso.com\/fest\/2019\/11\/21\/this-is-my-fest-revient-pour-une-8e-edition\/#primaryimage\"},\"datePublished\":\"2019-11-21T10:51:27+00:00\",\"dateModified\":\"2020-01-21T18:03:59+00:00\",\"author\":{\"@id\":\"https:\/\/guerilla-asso.com\/fest\/#\/schema\/person\/8c15d4a6de9ecbcfd119c3e9708efeef\"},\"breadcrumb\":{\"@id\":\"https:\/\/guerilla-asso.com\/fest\/2019\/11\/21\/this-is-my-fest-revient-pour-une-8e-edition\/#breadcrumb\"},\"inLanguage\":\"fr-FR\",\"potentialAction\":[{\"@type\":\"ReadAction\",\"target\":[\"https:\/\/guerilla-asso.com\/fest\/2019\/11\/21\/this-is-my-fest-revient-pour-une-8e-edition\/\"]}]},{\"@type\":\"BreadcrumbList\",\"@id\":\"https:\/\/guerilla-asso.com\/fest\/2019\/11\/21\/this-is-my-fest-revient-pour-une-8e-edition\/#breadcrumb\",\"itemListElement\":[{\"@type\":\"ListItem\",\"position\":1,\"item\":{\"@type\":\"WebPage\",\"@id\":\"https:\/\/guerilla-asso.com\/fest\/\",\"url\":\"https:\/\/guerilla-asso.com\/fest\/\",\"name\":\"Accueil\"}},{\"@type\":\"ListItem\",\"position\":2,\"item\":{\"@id\":\"https:\/\/guerilla-asso.com\/fest\/2019\/11\/21\/this-is-my-fest-revient-pour-une-8e-edition\/#webpage\"}}]},{\"@type\":\"Person\",\"@id\":\"https:\/\/guerilla-asso.com\/fest\/#\/schema\/person\/8c15d4a6de9ecbcfd119c3e9708efeef\",\"name\":\"THIS IS MY FEST\",\"image\":{\"@type\":\"ImageObject\",\"@id\":\"https:\/\/guerilla-asso.com\/fest\/#personlogo\",\"inLanguage\":\"fr-FR\",\"url\":\"https:\/\/secure.gravatar.com\/avatar\/0651e29abbddeaf0ec2204ccb17ce446?s=96&d=mm&r=g\",\"contentUrl\":\"https:\/\/secure.gravatar.com\/avatar\/0651e29abbddeaf0ec2204ccb17ce446?s=96&d=mm&r=g\",\"caption\":\"THIS IS MY FEST\"}}]}<\/script>\n<!-- \/ Yoast SEO plugin. -->","_links":{"self":[{"href":"https:\/\/guerilla-asso.com\/fest\/wp-json\/wp\/v2\/posts\/118"}],"collection":[{"href":"https:\/\/guerilla-asso.com\/fest\/wp-json\/wp\/v2\/posts"}],"about":[{"href":"https:\/\/guerilla-asso.com\/fest\/wp-json\/wp\/v2\/types\/post"}],"author":[{"embeddable":true,"href":"https:\/\/guerilla-asso.com\/fest\/wp-json\/wp\/v2\/users\/1"}],"replies":[{"embeddable":true,"href":"https:\/\/guerilla-asso.com\/fest\/wp-json\/wp\/v2\/comments?post=118"}],"version-history":[{"count":2,"href":"https:\/\/guerilla-asso.com\/fest\/wp-json\/wp\/v2\/posts\/118\/revisions"}],"predecessor-version":[{"id":128,"href":"https:\/\/guerilla-asso.com\/fest\/wp-json\/wp\/v2\/posts\/118\/revisions\/128"}],"wp:featuredmedia":[{"embeddable":true,"href":"https:\/\/guerilla-asso.com\/fest\/wp-json\/wp\/v2\/media\/81"}],"wp:attachment":[{"href":"https:\/\/guerilla-asso.com\/fest\/wp-json\/wp\/v2\/media?parent=118"}],"wp:term":[{"taxonomy":"category","embeddable":true,"href":"https:\/\/guerilla-asso.com\/fest\/wp-json\/wp\/v2\/categories?post=118"},{"taxonomy":"post_tag","embeddable":true,"href":"https:\/\/guerilla-asso.com\/fest\/wp-json\/wp\/v2\/tags?post=118"}],"curies":[{"name":"wp","href":"https:\/\/api.w.org\/{rel}","templated":true}]}}